{"id":546,"date":"2025-01-19T18:02:24","date_gmt":"2025-01-19T18:02:24","guid":{"rendered":"https:\/\/ldizayemagazine.com\/?p=546"},"modified":"2025-01-19T18:33:02","modified_gmt":"2025-01-19T18:33:02","slug":"ovidio-guzman-lopez-and-his-brother-joaquin-guzman-lopez-both-sons-of-joaquin-el-chapo-guzman-are-still-in-plea-negotiations-with-u-s-prosecutors-regarding-their-drug-trafficking","status":"publish","type":"post","link":"https:\/\/ldizayemagazine.com\/index.php\/2025\/01\/19\/ovidio-guzman-lopez-and-his-brother-joaquin-guzman-lopez-both-sons-of-joaquin-el-chapo-guzman-are-still-in-plea-negotiations-with-u-s-prosecutors-regarding-their-drug-trafficking\/","title":{"rendered":"Ovidio Guzm\u00e1n L\u00f3pez and his brother Joaqu\u00edn Guzm\u00e1n L\u00f3pez, both sons of Joaqu\u00edn \u201cEl Chapo\u201d Guzm\u00e1n, are still in plea negotiations with U.S. prosecutors regarding their drug trafficking charges."},"content":{"rendered":"\n<p>Ovidio Guzm\u00e1n L\u00f3pez and his brother Joaqu\u00edn Guzm\u00e1n L\u00f3pez, both sons of Joaqu\u00edn \u201cEl Chapo\u201d Guzm\u00e1n, are still currently in plea negotiations with U.S. prosecutors regarding their drug trafficking charges. Whether they will be sentenced to jail depends on the outcome of these negotiations.<\/p>\n\n\n\n<figure class=\"wp-block-image size-large\"><img loading=\"lazy\" decoding=\"async\" width=\"1024\" height=\"576\" src=\"https:\/\/ldizayemagazine.com\/wp-content\/uploads\/2025\/01\/IMG_0214-1-1024x576.jpeg\" alt=\"\" class=\"wp-image-549\" srcset=\"https:\/\/ldizayemagazine.com\/wp-content\/uploads\/2025\/01\/IMG_0214-1-1024x576.jpeg 1024w, https:\/\/ldizayemagazine.com\/wp-content\/uploads\/2025\/01\/IMG_0214-1-300x169.jpeg 300w, https:\/\/ldizayemagazine.com\/wp-content\/uploads\/2025\/01\/IMG_0214-1-768x432.jpeg 768w, https:\/\/ldizayemagazine.com\/wp-content\/uploads\/2025\/01\/IMG_0214-1-1536x864.jpeg 1536w, https:\/\/ldizayemagazine.com\/wp-content\/uploads\/2025\/01\/IMG_0214-1-678x381.jpeg 678w, https:\/\/ldizayemagazine.com\/wp-content\/uploads\/2025\/01\/IMG_0214-1.jpeg 1960w\" sizes=\"(max-width: 1024px) 100vw, 1024px\" \/><\/figure>\n\n\n\n<p>Possible Outcomes:<br>1. If a Plea Deal is Reached:<br>\u2022 They may agree to plead guilty to certain charges in exchange for reduced sentences or other concessions. However, even with a plea deal, they are likely to face prison time, given the severity of the charges.<br>2. If No Plea Deal is Reached:<br>\u2022 If they go to trial and are found guilty, they could receive lengthy prison sentences, similar to their father, who is serving a life sentence in a U.S. prison.<\/p>\n\n\n\n<figure class=\"wp-block-image size-large\"><img loading=\"lazy\" decoding=\"async\" width=\"1024\" height=\"716\" src=\"https:\/\/ldizayemagazine.com\/wp-content\/uploads\/2025\/01\/IMG_0216-1024x716.jpeg\" alt=\"\" class=\"wp-image-550\" srcset=\"https:\/\/ldizayemagazine.com\/wp-content\/uploads\/2025\/01\/IMG_0216-1024x716.jpeg 1024w, https:\/\/ldizayemagazine.com\/wp-content\/uploads\/2025\/01\/IMG_0216-300x210.jpeg 300w, https:\/\/ldizayemagazine.com\/wp-content\/uploads\/2025\/01\/IMG_0216-768x537.jpeg 768w, https:\/\/ldizayemagazine.com\/wp-content\/uploads\/2025\/01\/IMG_0216.jpeg 1290w\" sizes=\"(max-width: 1024px) 100vw, 1024px\" \/><\/figure>\n\n\n\n<p>Their next court appearances are scheduled for February 27, 2025 (Ovidio) and March 19, 2025 (Joaqu\u00edn). The decisions made in these hearings will determine their fate.<\/p>\n\n\n\n<p>The exact date for the outcome of Ovidio Guzm\u00e1n L\u00f3pez and Joaqu\u00edn Guzm\u00e1n L\u00f3pez\u2019s cases has not been determined yet. Their next court appearances are scheduled as follows:<br>\u2022 Ovidio Guzm\u00e1n L\u00f3pez: February 27, 2025<br>\u2022 Joaqu\u00edn Guzm\u00e1n L\u00f3pez: March 19, 2025<\/p>\n\n\n\n<figure class=\"wp-block-image size-large is-resized\"><img loading=\"lazy\" decoding=\"async\" width=\"1024\" height=\"717\" src=\"https:\/\/ldizayemagazine.com\/wp-content\/uploads\/2025\/01\/IMG_0217-1024x717.jpeg\" alt=\"\" class=\"wp-image-551\" style=\"width:576px;height:auto\" srcset=\"https:\/\/ldizayemagazine.com\/wp-content\/uploads\/2025\/01\/IMG_0217-1024x717.jpeg 1024w, https:\/\/ldizayemagazine.com\/wp-content\/uploads\/2025\/01\/IMG_0217-300x210.jpeg 300w, https:\/\/ldizayemagazine.com\/wp-content\/uploads\/2025\/01\/IMG_0217-768x538.jpeg 768w, https:\/\/ldizayemagazine.com\/wp-content\/uploads\/2025\/01\/IMG_0217-1536x1076.jpeg 1536w, https:\/\/ldizayemagazine.com\/wp-content\/uploads\/2025\/01\/IMG_0217.jpeg 2000w\" sizes=\"(max-width: 1024px) 100vw, 1024px\" \/><figcaption class=\"wp-element-caption\">FILE &#8211; This Feb. 22, 2014 file photo shows Joaquin &#8220;El Chapo&#8221; Guzman, the head of Mexico\u00eds Sinaloa Cartel, being escorted to a helicopter in Mexico City following his capture overnight in the beach resort town of Mazatlan. In federal court in Chicago on Friday, March 7, 2014, Alfredo Vasquez Hernandez, a reputed lieutenant of the recently captured drug lord, abruptly reversed his plans to plead guilty Friday to federal trafficking charges, a move made out of fear for the lives of his wife and children in Mexico, according to his attorney.  (AP Photo\/Eduardo Verdugo, File)<\/figcaption><\/figure>\n\n\n\n<p>What to Expect:<br>\u2022 If a plea deal is finalized during or before these hearings, the court could announce the terms, including possible sentences.<br>\u2022 If no plea deal is reached, the cases will proceed to trial, which could extend the timeline significantly.<\/p>\n\n\n\n<p>The final outcomes depend on the negotiations and the judicial process, which may take several months or longer.<\/p>\n\n\n\n<p>there were significant gunfights between Mexican security forces and cartel members during both of Ovidio Guzm\u00e1n L\u00f3pez\u2019s arrests, especially in <strong>2019<\/strong> and <strong>2023<\/strong>.<\/p>\n\n\n\n<p><strong>2019 Incident (\u201cCuliac\u00e1nazo\u201d)<\/strong><\/p>\n\n\n\n<p>\u2022 <strong>Date<\/strong>: October 17, 2019<\/p>\n\n\n\n<p>\u2022 <strong>Details<\/strong>: Ovidio was initially arrested by Mexican security forces in Culiac\u00e1n, Sinaloa. However, <strong>heavily armed cartel members<\/strong> launched an all-out assault across the city, including setting fires, blocking roads, and attacking law enforcement.<\/p>\n\n\n\n<p>\u2022 <strong>Result<\/strong>: The Mexican government <strong>released Ovidio<\/strong> to avoid further bloodshed and civilian casualties, as the cartel\u2019s response caused chaos and widespread violence.<\/p>\n\n\n\n<p><strong>2023 Arrest<\/strong><\/p>\n\n\n\n<p>\u2022 <strong>Date<\/strong>: January 5, 2023<\/p>\n\n\n\n<p>\u2022 <strong>Details<\/strong>: Ovidio was arrested again in Jes\u00fas Mar\u00eda, a small town near Culiac\u00e1n. This time, Mexican authorities were prepared for a violent response. Intense gunfights erupted between cartel members and Mexican security forces. Cartel members used <strong>military-grade weapons<\/strong> and vehicles to try to prevent his capture.<\/p>\n\n\n\n<p>\u2022 <strong>Casualties<\/strong>: At least <strong>29 people were killed<\/strong> in the clashes, including <strong>10 military personnel<\/strong> and <strong>19 cartel members<\/strong>. Civilians were also injured in the crossfire.<\/p>\n\n\n\n<p>\u2022 <strong>Result<\/strong>: Despite the violence, Mexican forces successfully captured Ovidio and later extradited him to the United States in September 2023.<\/p>\n\n\n\n<p>Both incidents highlight the extreme power and influence of the Sinaloa Cartel and the challenges faced by law enforcement in confronting such organized crime groups.<\/p>\n\n\n\n<figure class=\"wp-block-embed is-type-video is-provider-youtube wp-block-embed-youtube wp-embed-aspect-16-9 wp-has-aspect-ratio\"><div class=\"wp-block-embed__wrapper\">\n<iframe loading=\"lazy\" title=\"29 killed in clashes after son of \u2018El Chapo\u2019 arrested\" width=\"500\" height=\"281\" src=\"https:\/\/www.youtube.com\/embed\/U8UZedRqGXI?feature=oembed\" frameborder=\"0\" allow=\"accelerometer; autoplay; clipboard-write; encrypted-media; gyroscope; picture-in-picture; web-share\" referrerpolicy=\"strict-origin-when-cross-origin\" allowfullscreen><\/iframe>\n<\/div><\/figure>\n","protected":false},"excerpt":{"rendered":"<div class=\"mh-excerpt\"><p>Ovidio Guzm\u00e1n L\u00f3pez and his brother Joaqu\u00edn Guzm\u00e1n L\u00f3pez, both sons of Joaqu\u00edn \u201cEl Chapo\u201d Guzm\u00e1n, are still currently in plea negotiations with U.S. prosecutors <a class=\"mh-excerpt-more\" href=\"https:\/\/ldizayemagazine.com\/index.php\/2025\/01\/19\/ovidio-guzman-lopez-and-his-brother-joaquin-guzman-lopez-both-sons-of-joaquin-el-chapo-guzman-are-still-in-plea-negotiations-with-u-s-prosecutors-regarding-their-drug-trafficking\/\" title=\"Ovidio Guzm\u00e1n L\u00f3pez and his brother Joaqu\u00edn Guzm\u00e1n L\u00f3pez, both sons of Joaqu\u00edn \u201cEl Chapo\u201d Guzm\u00e1n, are still in plea negotiations with U.S. prosecutors regarding their drug trafficking charges.\">[&#8230;]<\/a><\/p>\n<\/div>","protected":false},"author":2,"featured_media":547,"comment_status":"open","ping_status":"open","sticky":false,"template":"","format":"standard","meta":{"footnotes":""},"categories":[1],"tags":[111,108,110,109],"featured_image_urls":{"full":["https:\/\/ldizayemagazine.com\/wp-content\/uploads\/2025\/01\/IMG_0213.jpeg",700,466,false],"thumbnail":["https:\/\/ldizayemagazine.com\/wp-content\/uploads\/2025\/01\/IMG_0213-150x150.jpeg",150,150,true],"medium":["https:\/\/ldizayemagazine.com\/wp-content\/uploads\/2025\/01\/IMG_0213-300x200.jpeg",300,200,true],"medium_large":["https:\/\/ldizayemagazine.com\/wp-content\/uploads\/2025\/01\/IMG_0213.jpeg",700,466,false],"large":["https:\/\/ldizayemagazine.com\/wp-content\/uploads\/2025\/01\/IMG_0213.jpeg",700,466,false],"1536x1536":["https:\/\/ldizayemagazine.com\/wp-content\/uploads\/2025\/01\/IMG_0213.jpeg",700,466,false],"2048x2048":["https:\/\/ldizayemagazine.com\/wp-content\/uploads\/2025\/01\/IMG_0213.jpeg",700,466,false],"mh-magazine-lite-slider":["https:\/\/ldizayemagazine.com\/wp-content\/uploads\/2025\/01\/IMG_0213-700x438.jpeg",700,438,true],"mh-magazine-lite-content":["https:\/\/ldizayemagazine.com\/wp-content\/uploads\/2025\/01\/IMG_0213-678x381.jpeg",678,381,true],"mh-magazine-lite-large":["https:\/\/ldizayemagazine.com\/wp-content\/uploads\/2025\/01\/IMG_0213-678x466.jpeg",678,466,true],"mh-magazine-lite-medium":["https:\/\/ldizayemagazine.com\/wp-content\/uploads\/2025\/01\/IMG_0213-326x245.jpeg",326,245,true],"mh-magazine-lite-small":["https:\/\/ldizayemagazine.com\/wp-content\/uploads\/2025\/01\/IMG_0213-80x60.jpeg",80,60,true]},"author_info":{"info":["LIZAN dizaye"]},"category_info":"<a href=\"https:\/\/ldizayemagazine.com\/index.php\/category\/blog\/\" rel=\"category tag\">Blog<\/a>","tag_info":"Blog","comment_count":"0","_links":{"self":[{"href":"https:\/\/ldizayemagazine.com\/index.php\/wp-json\/wp\/v2\/posts\/546"}],"collection":[{"href":"https:\/\/ldizayemagazine.com\/index.php\/wp-json\/wp\/v2\/posts"}],"about":[{"href":"https:\/\/ldizayemagazine.com\/index.php\/wp-json\/wp\/v2\/types\/post"}],"author":[{"embeddable":true,"href":"https:\/\/ldizayemagazine.com\/index.php\/wp-json\/wp\/v2\/users\/2"}],"replies":[{"embeddable":true,"href":"https:\/\/ldizayemagazine.com\/index.php\/wp-json\/wp\/v2\/comments?post=546"}],"version-history":[{"count":3,"href":"https:\/\/ldizayemagazine.com\/index.php\/wp-json\/wp\/v2\/posts\/546\/revisions"}],"predecessor-version":[{"id":555,"href":"https:\/\/ldizayemagazine.com\/index.php\/wp-json\/wp\/v2\/posts\/546\/revisions\/555"}],"wp:featuredmedia":[{"embeddable":true,"href":"https:\/\/ldizayemagazine.com\/index.php\/wp-json\/wp\/v2\/media\/547"}],"wp:attachment":[{"href":"https:\/\/ldizayemagazine.com\/index.php\/wp-json\/wp\/v2\/media?parent=546"}],"wp:term":[{"taxonomy":"category","embeddable":true,"href":"https:\/\/ldizayemagazine.com\/index.php\/wp-json\/wp\/v2\/categories?post=546"},{"taxonomy":"post_tag","embeddable":true,"href":"https:\/\/ldizayemagazine.com\/index.php\/wp-json\/wp\/v2\/tags?post=546"}],"curies":[{"name":"wp","href":"https:\/\/api.w.org\/{rel}","templated":true}]}}